{"id":93,"date":"2017-07-05T17:52:43","date_gmt":"2017-07-05T17:52:43","guid":{"rendered":"http:\/\/www.colegiomanuelbulnes.cl\/?p=93"},"modified":"2017-07-05T17:54:01","modified_gmt":"2017-07-05T17:54:01","slug":"finalizacion-talleres-extraescolares","status":"publish","type":"post","link":"https:\/\/www.colegiomanuelbulnes.cl\/?p=93","title":{"rendered":"Finalizaci\u00f3n Talleres Extraescolares"},"content":{"rendered":"<p>El Colegio Manuel Bulnes termino su primer semestre con una presentaci\u00f3n de los talleres extraescolares realizados , la Directora Sra Marta Mendez , se mostr\u00f3 muy complacida por el compromiso y el trabajo de alumnos, padres y personal del Establecimiento , se despidi\u00f3 saludando fraternalmente a las familias que han confiado en nuestro proyecto y que tengan un descanso reparador , recordando tambi\u00e9n que el inicio del segundo semestre es el Lunes 24 de Julio de 2017<\/p>\n<p>&nbsp;<br \/>\nhttps:\/\/www.facebook.com\/media\/set\/?set=a.1995409474023171.1073741829.1991915531039232&#038;type=1&#038;l=10a9b36123<\/p>\n","protected":false},"excerpt":{"rendered":"<p>El Colegio Manuel Bulnes termino su primer semestre con una presentaci\u00f3n de los talleres extraescolares realizados , la Directora Sra Marta Mendez , se mostr\u00f3 muy complacida por el compromiso y el trabajo de alumnos, padres y personal del Establecimiento , se despidi\u00f3 saludando fraternalmente a las familias que han confiado en nuestro proyecto y [&hellip;]<\/p>\n","protected":false},"author":1,"featured_media":94,"comment_status":"closed","ping_status":"open","sticky":false,"template":"","format":"standard","meta":{"footnotes":""},"categories":[3],"tags":[],"_links":{"self":[{"href":"https:\/\/www.colegiomanuelbulnes.cl\/index.php?rest_route=\/wp\/v2\/posts\/93"}],"collection":[{"href":"https:\/\/www.colegiomanuelbulnes.cl\/index.php?rest_route=\/wp\/v2\/posts"}],"about":[{"href":"https:\/\/www.colegiomanuelbulnes.cl\/index.php?rest_route=\/wp\/v2\/types\/post"}],"author":[{"embeddable":true,"href":"https:\/\/www.colegiomanuelbulnes.cl\/index.php?rest_route=\/wp\/v2\/users\/1"}],"replies":[{"embeddable":true,"href":"https:\/\/www.colegiomanuelbulnes.cl\/index.php?rest_route=%2Fwp%2Fv2%2Fcomments&post=93"}],"version-history":[{"count":2,"href":"https:\/\/www.colegiomanuelbulnes.cl\/index.php?rest_route=\/wp\/v2\/posts\/93\/revisions"}],"predecessor-version":[{"id":96,"href":"https:\/\/www.colegiomanuelbulnes.cl\/index.php?rest_route=\/wp\/v2\/posts\/93\/revisions\/96"}],"wp:featuredmedia":[{"embeddable":true,"href":"https:\/\/www.colegiomanuelbulnes.cl\/index.php?rest_route=\/wp\/v2\/media\/94"}],"wp:attachment":[{"href":"https:\/\/www.colegiomanuelbulnes.cl\/index.php?rest_route=%2Fwp%2Fv2%2Fmedia&parent=93"}],"wp:term":[{"taxonomy":"category","embeddable":true,"href":"https:\/\/www.colegiomanuelbulnes.cl\/index.php?rest_route=%2Fwp%2Fv2%2Fcategories&post=93"},{"taxonomy":"post_tag","embeddable":true,"href":"https:\/\/www.colegiomanuelbulnes.cl\/index.php?rest_route=%2Fwp%2Fv2%2Ftags&post=93"}],"curies":[{"name":"wp","href":"https:\/\/api.w.org\/{rel}","templated":true}]}}